{"id":1300,"date":"2023-12-18T16:24:13","date_gmt":"2023-12-18T15:24:13","guid":{"rendered":"https:\/\/outof.press\/?p=1300"},"modified":"2023-12-18T20:09:24","modified_gmt":"2023-12-18T19:09:24","slug":"apteczka-pierwszej-pomocy","status":"publish","type":"post","link":"https:\/\/outof.press\/en\/apteczka-pierwszej-pomocy\/","title":{"rendered":"Apteczka pierwszej pomocy \u2013 \u201eniezb\u0119dnik\u201d zaniedbywany w naszym \u017cyciu."},"content":{"rendered":"<div data-elementor-type=\"wp-post\" data-elementor-id=\"1300\" class=\"elementor elementor-1300\">\n\t\t\t\t\t\t\t\t\t<section class=\"elementor-section elementor-top-section elementor-element elementor-element-d694d9b elementor-section-boxed elementor-section-height-default elementor-section-height-default\" data-id=\"d694d9b\" data-element_type=\"section\">\n\t\t\t\t\t\t<div class=\"elementor-container elementor-column-gap-default\">\n\t\t\t\t\t<div class=\"elementor-column elementor-col-100 elementor-top-column elementor-element elementor-element-8892334\" data-id=\"8892334\" data-element_type=\"column\">\n\t\t\t<div class=\"elementor-widget-wrap elementor-element-populated\">\n\t\t\t\t\t\t\t\t<div class=\"elementor-element elementor-element-a92495e elementor-widget elementor-widget-text-editor\" data-id=\"a92495e\" data-element_type=\"widget\" data-widget_type=\"text-editor.default\">\n\t\t\t\t<div class=\"elementor-widget-container\">\n\t\t\t<style>\/*! elementor - v3.14.0 - 26-06-2023 *\/\n.elementor-widget-text-editor.elementor-drop-cap-view-stacked .elementor-drop-cap{background-color:#69727d;color:#fff}.elementor-widget-text-editor.elementor-drop-cap-view-framed .elementor-drop-cap{color:#69727d;border:3px solid;background-color:transparent}.elementor-widget-text-editor:not(.elementor-drop-cap-view-default) .elementor-drop-cap{margin-top:8px}.elementor-widget-text-editor:not(.elementor-drop-cap-view-default) .elementor-drop-cap-letter{width:1em;height:1em}.elementor-widget-text-editor .elementor-drop-cap{float:left;text-align:center;line-height:1;font-size:50px}.elementor-widget-text-editor .elementor-drop-cap-letter{display:inline-block}<\/style>\t\t\t\t<p>Jednym z wielu zaniedbywanych element\u00f3w, kt\u00f3re powinny wchodzi\u0107 w sk\u0142ad wyposa\u017cenia naszego domu, samochodu czy torby podr\u0119cznej jest apteczka pierwszej pomocy. W wielu mieszkaniach nie ma jej w og\u00f3le, w innych wyst\u0119puje z symbolicznym sk\u0142adem, na pok\u0142adzie wi\u0119kszo\u015bci samochod\u00f3w mo\u017cna j\u0105 znale\u017a\u0107, ale zawiera absolutne minimum, w motocyklach i rowerach nie ma jej gdzie przymocowa\u0107 i jak bezpiecznie przewozi\u0107 a w podr\u0119cznych torbach po prostu ci\u0105\u017cy i jest zb\u0119dna, przynajmniej w opinii wi\u0119kszo\u015bci ludzi. Niewiele os\u00f3b odczuwa brak apteczki, potrzeb\u0119 jej stworzenia i obowi\u0105zek posiadania przy sobie a przecie\u017c m\u00f3wimy o zasobniku wspomagaj\u0105cym ratowanie ludzkiego zdrowia i \u017cycia. Tymczasem nie do\u015b\u0107, \u017ce powinni\u015bmy pami\u0119ta\u0107 o jej skompletowaniu to ponad to dba\u0107 o:<\/p><ul><li>sta\u0142\u0105 weryfikacj\u0119 terminu przydatno\u015bci element\u00f3w sk\u0142adowych znajduj\u0105cych si\u0119 na jej wyposa\u017ceniu i usuwa\u0107 wszystkie te, kt\u00f3re go utraci\u0142y,<\/li><li>uzupe\u0142nia\u0107 elementy zu\u017cyte.<\/li><\/ul><p>Do ka\u017cdej apteczki nale\u017cy regularnie zagl\u0105da\u0107 tak\u017ce z tego powodu, aby wiedzie\u0107 co znajduje si\u0119 w jej sk\u0142adzie oraz jak rozmie\u015bcili\u015bmy poszczeg\u00f3lne jej sk\u0142adniki. Dlatego w mojej ocenie bardzo wa\u017cnym staje si\u0119 indywidualne podej\u015bcie do tematu i samodzielne skompletowanie apteczki pierwszej pomocy do domu, samochodu czy torby podr\u0119cznej. Je\u015bli nie czujemy si\u0119 na si\u0142ach by samodzielnie podj\u0105\u0107 to wyzwanie, mo\u017cemy skorzysta\u0107 z pomocy os\u00f3b do\u015bwiadczonych lub zakupi\u0107 mniej czy bardziej rozbudowany, gotowy do u\u017cytkowania zestaw.<\/p><p>W zale\u017cno\u015bci od miejsca przetrzymywania apteczki pierwszej pomocy, jej zawarto\u015b\u0107 b\u0119dzie r\u00f3\u017cna. Apteczka domowa powinna by\u0107 najbardziej rozbudowana, samochodowa bywa najcz\u0119\u015bciej okrojona natomiast apteczki motocyklowe, rowerowe i podr\u0119czne, je\u015bli w og\u00f3le wyst\u0119puj\u0105, s\u0105 zwykle zminimalizowane.<\/p><p>\u00a0<\/p><h4><strong>Apteczka domowa<\/strong><\/h4><p>Jej wygl\u0105d, zawarto\u015b\u0107, wewn\u0119trzny spos\u00f3b rozmieszczenia preparat\u00f3w i pomocy medycznych oraz lokalizacja w domu zale\u017c\u0105 od naszych preferencji. Apteczka domowa mo\u017ce mie\u0107 posta\u0107 torby lub plecaka medycznego, plastikowego opakowania z mo\u017cliwo\u015bci\u0105 zamocowania na \u015bcianie, jak to ma miejsce w przypadku wielu gotowych produkt\u00f3w dost\u0119pnych na rynku, czy zwyk\u0142ego kartonu, je\u015bli nie chcemy ponosi\u0107 zbyt wysokich koszt\u00f3w w zwi\u0105zku z jej przygotowaniem. Osobi\u015bcie preferuj\u0119 torb\u0119 lub plecak medyczny cho\u0107by z uwagi na to, \u017ce zawsze, gdy wraz z rodzin\u0105 opuszczamy nasz dom, apteczk\u0119 zabieramy ze sob\u0105. Podczas opuszczania domu nie musisz my\u015ble\u0107, zastanawia\u0107 si\u0119 co zabra\u0107 na wyjazd wakacyjny czy do rodzic\u00f3w, zawsze wszystko masz w jednym miejscu. Rozmiary mo\u017cna dobra\u0107 do w\u0142asnych preferencji, mo\u017cliwo\u015bci finansowych i potrzeb.<\/p><p>W mojej ocenie w sk\u0142ad ka\u017cdej domowej apteczki wchodzi\u0107 powinny:<\/p><ul><li>leki stale u\u017cywane przez domownik\u00f3w (je\u015bli w\u015br\u00f3d nich znajduj\u0105 si\u0119 osoby znajduj\u0105ce si\u0119 pod sta\u0142\u0105 opiek\u0105 lekarza),<\/li><li>leki przeciwb\u00f3lowe i przeciwzapalne,<\/li><li>w\u0119giel aktywowany,<\/li><li>preparaty antyalergiczne, przeciwuczuleniowe,<\/li><li>suplementy diety, witaminy (je\u015bli z takich korzystamy),<\/li><li>\u017celowe preparaty na oparzenia,<\/li><li>s\u00f3l fizjologiczna,<\/li><li>spirytus salicylowy,<\/li><li>woda utleniona,<\/li><li>materia\u0142y opatrunkowe jak: gaza, opaski elastyczne uciskowe, opatrunki ja\u0142owe, banda\u017ce, opatrunki \u017celowe, plastry opatrunkowe,<\/li><li>koc termiczny (najlepiej kilka sztuk),<\/li><li>kompres \u017celowy umo\u017cliwiaj\u0105cy miejscowe sch\u0142adzanie lub ogrzewanie cia\u0142a,<\/li><li>termometr,<\/li><li>pulsoksymetr by m\u00f3c kontrolowa\u0107 natlenienie krwi,<\/li><li>staza medyczna\/opaska uciskowa,<\/li><li>p\u0142yn do dezynfekcji r\u0105k,<\/li><li>maseczki jednorazowego u\u017cytku do prowadzenia sztucznego oddychania,<\/li><li>narz\u0119dzie u\u0142atwiaj\u0105ce usuwanie jadu z cia\u0142a,<\/li><li>no\u017cyczki,<\/li><li>r\u0119kawiczki jednorazowe,<\/li><li>maseczka medyczna na twarz.<\/li><\/ul><p>Powy\u017csz\u0105 list\u0119 mo\u017cna dowolnie uzupe\u0142nia\u0107 o preparaty i przedmioty dla nas u\u017cyteczne.<\/p>\t\t\t\t\t\t<\/div>\n\t\t\t\t<\/div>\n\t\t\t\t\t<\/div>\n\t\t<\/div>\n\t\t\t\t\t\t\t<\/div>\n\t\t<\/section>\n\t\t\t\t<section class=\"elementor-section elementor-top-section elementor-element elementor-element-65d33be elementor-section-boxed elementor-section-height-default elementor-section-height-default\" data-id=\"65d33be\" data-element_type=\"section\">\n\t\t\t\t\t\t<div class=\"elementor-container elementor-column-gap-default\">\n\t\t\t\t\t<div class=\"elementor-column elementor-col-33 elementor-top-column elementor-element elementor-element-09257f4\" data-id=\"09257f4\" data-element_type=\"column\">\n\t\t\t<div class=\"elementor-widget-wrap elementor-element-populated\">\n\t\t\t\t\t\t\t\t<div class=\"elementor-element elementor-element-bed8822 elementor-widget elementor-widget-image\" data-id=\"bed8822\" data-element_type=\"widget\" data-widget_type=\"image.default\">\n\t\t\t\t<div class=\"elementor-widget-container\">\n\t\t\t<style>\/*! elementor - v3.14.0 - 26-06-2023 *\/\n.elementor-widget-image{text-align:center}.elementor-widget-image a{display:inline-block}.elementor-widget-image a img[src$=\".svg\"]{width:48px}.elementor-widget-image img{vertical-align:middle;display:inline-block}<\/style>\t\t\t\t\t\t\t\t\t\t\t\t<img loading=\"lazy\" decoding=\"async\" width=\"600\" height=\"360\" src=\"https:\/\/outof.press\/wp-content\/uploads\/2023\/12\/Apteczka-pierwszej-pomocy-niezbednik-zaniedbywany-w-naszym-zyciu_OUT-of-Dariusz-Dawidczyk_2-jpg.webp\" class=\"attachment-large size-large wp-image-1314 not-transparent\" alt=\"Apteczka-pierwszej-pomocy-niezbednik-zaniedbywany-w-naszym-zyciu_OUT-of-Dariusz-Dawidczyk\" srcset=\"https:\/\/outof.press\/wp-content\/uploads\/2023\/12\/Apteczka-pierwszej-pomocy-niezbednik-zaniedbywany-w-naszym-zyciu_OUT-of-Dariusz-Dawidczyk_2-jpg.webp 600w, https:\/\/outof.press\/wp-content\/uploads\/2023\/12\/Apteczka-pierwszej-pomocy-niezbednik-zaniedbywany-w-naszym-zyciu_OUT-of-Dariusz-Dawidczyk_2-300x180.webp 300w, https:\/\/outof.press\/wp-content\/uploads\/2023\/12\/Apteczka-pierwszej-pomocy-niezbednik-zaniedbywany-w-naszym-zyciu_OUT-of-Dariusz-Dawidczyk_2-18x12.webp 18w\" sizes=\"auto, (max-width: 600px) 100vw, 600px\" data-has-transparency=\"false\" data-dominant-color=\"835b64\" style=\"--dominant-color: #835b64\" \/>\t\t\t\t\t\t\t\t\t\t\t\t\t\t\t<\/div>\n\t\t\t\t<\/div>\n\t\t\t\t<div class=\"elementor-element elementor-element-415f204 elementor-widget elementor-widget-image\" data-id=\"415f204\" data-element_type=\"widget\" data-widget_type=\"image.default\">\n\t\t\t\t<div class=\"elementor-widget-container\">\n\t\t\t\t\t\t\t\t\t\t\t\t\t\t\t<img loading=\"lazy\" decoding=\"async\" width=\"600\" height=\"395\" src=\"https:\/\/outof.press\/wp-content\/uploads\/2023\/12\/Apteczka-pierwszej-pomocy-niezbednik-zaniedbywany-w-naszym-zyciu_OUT-of-Dariusz-Dawidczyk_1-jpg.webp\" class=\"attachment-large size-large wp-image-1313 not-transparent\" alt=\"Apteczka-pierwszej-pomocy-niezbednik-zaniedbywany-w-naszym-zyciu_OUT-of-Dariusz-Dawidczyk\" srcset=\"https:\/\/outof.press\/wp-content\/uploads\/2023\/12\/Apteczka-pierwszej-pomocy-niezbednik-zaniedbywany-w-naszym-zyciu_OUT-of-Dariusz-Dawidczyk_1-jpg.webp 600w, https:\/\/outof.press\/wp-content\/uploads\/2023\/12\/Apteczka-pierwszej-pomocy-niezbednik-zaniedbywany-w-naszym-zyciu_OUT-of-Dariusz-Dawidczyk_1-300x198.webp 300w, https:\/\/outof.press\/wp-content\/uploads\/2023\/12\/Apteczka-pierwszej-pomocy-niezbednik-zaniedbywany-w-naszym-zyciu_OUT-of-Dariusz-Dawidczyk_1-18x12.webp 18w\" sizes=\"auto, (max-width: 600px) 100vw, 600px\" data-has-transparency=\"false\" data-dominant-color=\"9b5765\" style=\"--dominant-color: #9b5765\" \/>\t\t\t\t\t\t\t\t\t\t\t\t\t\t\t<\/div>\n\t\t\t\t<\/div>\n\t\t\t\t\t<\/div>\n\t\t<\/div>\n\t\t\t\t<div class=\"elementor-column elementor-col-33 elementor-top-column elementor-element elementor-element-a85b404\" data-id=\"a85b404\" data-element_type=\"column\">\n\t\t\t<div class=\"elementor-widget-wrap elementor-element-populated\">\n\t\t\t\t\t\t\t\t<div class=\"elementor-element elementor-element-4a60725 elementor-widget elementor-widget-image\" data-id=\"4a60725\" data-element_type=\"widget\" data-widget_type=\"image.default\">\n\t\t\t\t<div class=\"elementor-widget-container\">\n\t\t\t\t\t\t\t\t\t\t\t\t\t\t\t<img loading=\"lazy\" decoding=\"async\" width=\"145\" height=\"300\" src=\"https:\/\/outof.press\/wp-content\/uploads\/2023\/12\/Apteczka-pierwszej-pomocy-niezbednik-zaniedbywany-w-naszym-zyciu_OUT-of-Dariusz-Dawidczyk_3-145x300.webp\" class=\"attachment-medium size-medium wp-image-1315 not-transparent\" alt=\"Apteczka-pierwszej-pomocy-niezbednik-zaniedbywany-w-naszym-zyciu_OUT-of-Dariusz-Dawidczyk\" srcset=\"https:\/\/outof.press\/wp-content\/uploads\/2023\/12\/Apteczka-pierwszej-pomocy-niezbednik-zaniedbywany-w-naszym-zyciu_OUT-of-Dariusz-Dawidczyk_3-145x300.webp 145w, https:\/\/outof.press\/wp-content\/uploads\/2023\/12\/Apteczka-pierwszej-pomocy-niezbednik-zaniedbywany-w-naszym-zyciu_OUT-of-Dariusz-Dawidczyk_3-6x12.webp 6w, https:\/\/outof.press\/wp-content\/uploads\/2023\/12\/Apteczka-pierwszej-pomocy-niezbednik-zaniedbywany-w-naszym-zyciu_OUT-of-Dariusz-Dawidczyk_3-jpg.webp 289w\" sizes=\"auto, (max-width: 145px) 100vw, 145px\" data-has-transparency=\"false\" data-dominant-color=\"8a4f4c\" style=\"--dominant-color: #8a4f4c\" \/>\t\t\t\t\t\t\t\t\t\t\t\t\t\t\t<\/div>\n\t\t\t\t<\/div>\n\t\t\t\t\t<\/div>\n\t\t<\/div>\n\t\t\t\t<div class=\"elementor-column elementor-col-33 elementor-top-column elementor-element elementor-element-01c3cf2\" data-id=\"01c3cf2\" data-element_type=\"column\">\n\t\t\t<div class=\"elementor-widget-wrap elementor-element-populated\">\n\t\t\t\t\t\t\t\t<div class=\"elementor-element elementor-element-b70bc1a elementor-widget elementor-widget-image\" data-id=\"b70bc1a\" data-element_type=\"widget\" data-widget_type=\"image.default\">\n\t\t\t\t<div class=\"elementor-widget-container\">\n\t\t\t\t\t\t\t\t\t\t\t\t\t\t\t<img loading=\"lazy\" decoding=\"async\" width=\"399\" height=\"600\" src=\"https:\/\/outof.press\/wp-content\/uploads\/2023\/12\/Apteczka-pierwszej-pomocy-niezbednik-zaniedbywany-w-naszym-zyciu_OUT-of-Dariusz-Dawidczyk_7-jpg.webp\" class=\"attachment-large size-large wp-image-1319 not-transparent\" alt=\"Apteczka-pierwszej-pomocy-niezbednik-zaniedbywany-w-naszym-zyciu_OUT-of-Dariusz-Dawidczyk\" srcset=\"https:\/\/outof.press\/wp-content\/uploads\/2023\/12\/Apteczka-pierwszej-pomocy-niezbednik-zaniedbywany-w-naszym-zyciu_OUT-of-Dariusz-Dawidczyk_7-jpg.webp 399w, https:\/\/outof.press\/wp-content\/uploads\/2023\/12\/Apteczka-pierwszej-pomocy-niezbednik-zaniedbywany-w-naszym-zyciu_OUT-of-Dariusz-Dawidczyk_7-200x300.webp 200w, https:\/\/outof.press\/wp-content\/uploads\/2023\/12\/Apteczka-pierwszej-pomocy-niezbednik-zaniedbywany-w-naszym-zyciu_OUT-of-Dariusz-Dawidczyk_7-8x12.webp 8w\" sizes=\"auto, (max-width: 399px) 100vw, 399px\" data-has-transparency=\"false\" data-dominant-color=\"926364\" style=\"--dominant-color: #926364\" \/>\t\t\t\t\t\t\t\t\t\t\t\t\t\t\t<\/div>\n\t\t\t\t<\/div>\n\t\t\t\t\t<\/div>\n\t\t<\/div>\n\t\t\t\t\t\t\t<\/div>\n\t\t<\/section>\n\t\t\t\t<section class=\"elementor-section elementor-top-section elementor-element elementor-element-d4ad009 elementor-section-boxed elementor-section-height-default elementor-section-height-default\" data-id=\"d4ad009\" data-element_type=\"section\">\n\t\t\t\t\t\t<div class=\"elementor-container elementor-column-gap-default\">\n\t\t\t\t\t<div class=\"elementor-column elementor-col-100 elementor-top-column elementor-element elementor-element-3141a38\" data-id=\"3141a38\" data-element_type=\"column\">\n\t\t\t<div class=\"elementor-widget-wrap elementor-element-populated\">\n\t\t\t\t\t\t\t\t<div class=\"elementor-element elementor-element-2b87319 elementor-widget elementor-widget-text-editor\" data-id=\"2b87319\" data-element_type=\"widget\" data-widget_type=\"text-editor.default\">\n\t\t\t\t<div class=\"elementor-widget-container\">\n\t\t\t\t\t\t\t<p>Torba medyczna stworzona na u\u017cytek w\u0142asny mo\u017ce wygl\u0105da\u0107 w spos\u00f3b podobny do przedstawionego na za\u0142\u0105czonych fotografiach i s\u0142u\u017cy\u0107 w domu jak i podczas rodzinnych wyjazd\u00f3w. W mieszkaniu zawsze ma swoje sta\u0142e miejsce a na wyjazd wystarczy j\u0105 wrzuci\u0107 do baga\u017cnika samochodu. \u00a0Podzia\u0142 wn\u0119trza torby na sekcje u\u0142atwia jej obs\u0142ug\u0119. Materia\u0142y opatrunkowe nie ulegn\u0105 zmieszaniu z lekami lub innymi, u\u017cytecznymi przedmiotami a w torbie mamy po\u017c\u0105dany \u0142ad.<\/p>\t\t\t\t\t\t<\/div>\n\t\t\t\t<\/div>\n\t\t\t\t\t<\/div>\n\t\t<\/div>\n\t\t\t\t\t\t\t<\/div>\n\t\t<\/section>\n\t\t\t\t<section class=\"elementor-section elementor-top-section elementor-element elementor-element-44a386b elementor-section-boxed elementor-section-height-default elementor-section-height-default\" data-id=\"44a386b\" data-element_type=\"section\">\n\t\t\t\t\t\t<div class=\"elementor-container elementor-column-gap-default\">\n\t\t\t\t\t<div class=\"elementor-column elementor-col-50 elementor-top-column elementor-element elementor-element-6c99f2c\" data-id=\"6c99f2c\" data-element_type=\"column\">\n\t\t\t<div class=\"elementor-widget-wrap elementor-element-populated\">\n\t\t\t\t\t\t\t\t<div class=\"elementor-element elementor-element-46d0908 elementor-widget elementor-widget-image\" data-id=\"46d0908\" data-element_type=\"widget\" data-widget_type=\"image.default\">\n\t\t\t\t<div class=\"elementor-widget-container\">\n\t\t\t\t\t\t\t\t\t\t\t\t\t\t\t<img loading=\"lazy\" decoding=\"async\" width=\"300\" height=\"193\" src=\"https:\/\/outof.press\/wp-content\/uploads\/2023\/12\/Apteczka-pierwszej-pomocy-niezbednik-zaniedbywany-w-naszym-zyciu_OUT-of-Dariusz-Dawidczyk_pulsometr-300x193.webp\" class=\"attachment-medium size-medium wp-image-1322 not-transparent\" alt=\"Apteczka-pierwszej-pomocy-niezbednik-zaniedbywany-w-naszym-zyciu_OUT-of-Dariusz-Dawidczyk_pulsometr\" srcset=\"https:\/\/outof.press\/wp-content\/uploads\/2023\/12\/Apteczka-pierwszej-pomocy-niezbednik-zaniedbywany-w-naszym-zyciu_OUT-of-Dariusz-Dawidczyk_pulsometr-300x193.webp 300w, https:\/\/outof.press\/wp-content\/uploads\/2023\/12\/Apteczka-pierwszej-pomocy-niezbednik-zaniedbywany-w-naszym-zyciu_OUT-of-Dariusz-Dawidczyk_pulsometr-18x12.webp 18w, https:\/\/outof.press\/wp-content\/uploads\/2023\/12\/Apteczka-pierwszej-pomocy-niezbednik-zaniedbywany-w-naszym-zyciu_OUT-of-Dariusz-Dawidczyk_pulsometr-jpg.webp 600w\" sizes=\"auto, (max-width: 300px) 100vw, 300px\" data-has-transparency=\"false\" data-dominant-color=\"87827a\" style=\"--dominant-color: #87827a\" \/>\t\t\t\t\t\t\t\t\t\t\t\t\t\t\t<\/div>\n\t\t\t\t<\/div>\n\t\t\t\t\t<\/div>\n\t\t<\/div>\n\t\t\t\t<div class=\"elementor-column elementor-col-50 elementor-top-column elementor-element elementor-element-ddb12a4\" data-id=\"ddb12a4\" data-element_type=\"column\">\n\t\t\t<div class=\"elementor-widget-wrap elementor-element-populated\">\n\t\t\t\t\t\t\t\t<div class=\"elementor-element elementor-element-d929b21 elementor-widget elementor-widget-text-editor\" data-id=\"d929b21\" data-element_type=\"widget\" data-widget_type=\"text-editor.default\">\n\t\t\t\t<div class=\"elementor-widget-container\">\n\t\t\t\t\t\t\t<p>Pulsoksymetr pomo\u017ce zweryfikowa\u0107 natlenienie krwi.<\/p>\t\t\t\t\t\t<\/div>\n\t\t\t\t<\/div>\n\t\t\t\t\t<\/div>\n\t\t<\/div>\n\t\t\t\t\t\t\t<\/div>\n\t\t<\/section>\n\t\t\t\t<section class=\"elementor-section elementor-top-section elementor-element elementor-element-4195a96 elementor-section-boxed elementor-section-height-default elementor-section-height-default\" data-id=\"4195a96\" data-element_type=\"section\">\n\t\t\t\t\t\t<div class=\"elementor-container elementor-column-gap-default\">\n\t\t\t\t\t<div class=\"elementor-column elementor-col-50 elementor-top-column elementor-element elementor-element-6df144f\" data-id=\"6df144f\" data-element_type=\"column\">\n\t\t\t<div class=\"elementor-widget-wrap elementor-element-populated\">\n\t\t\t\t\t\t\t\t<div class=\"elementor-element elementor-element-8a2626e elementor-widget elementor-widget-image\" data-id=\"8a2626e\" data-element_type=\"widget\" data-widget_type=\"image.default\">\n\t\t\t\t<div class=\"elementor-widget-container\">\n\t\t\t\t\t\t\t\t\t\t\t\t\t\t\t<img loading=\"lazy\" decoding=\"async\" width=\"244\" height=\"300\" src=\"https:\/\/outof.press\/wp-content\/uploads\/2023\/12\/Apteczka-pierwszej-pomocy-niezbednik-zaniedbywany-w-naszym-zyciu_OUT-of-Dariusz-Dawidczyk_maseczka-244x300.webp\" class=\"attachment-medium size-medium wp-image-1321 not-transparent\" alt=\"Apteczka-pierwszej-pomocy-niezbednik-zaniedbywany-w-naszym-zyciu_OUT-of-Dariusz-Dawidczyk_maseczka\" srcset=\"https:\/\/outof.press\/wp-content\/uploads\/2023\/12\/Apteczka-pierwszej-pomocy-niezbednik-zaniedbywany-w-naszym-zyciu_OUT-of-Dariusz-Dawidczyk_maseczka-244x300.webp 244w, https:\/\/outof.press\/wp-content\/uploads\/2023\/12\/Apteczka-pierwszej-pomocy-niezbednik-zaniedbywany-w-naszym-zyciu_OUT-of-Dariusz-Dawidczyk_maseczka-10x12.webp 10w, https:\/\/outof.press\/wp-content\/uploads\/2023\/12\/Apteczka-pierwszej-pomocy-niezbednik-zaniedbywany-w-naszym-zyciu_OUT-of-Dariusz-Dawidczyk_maseczka-jpg.webp 488w\" sizes=\"auto, (max-width: 244px) 100vw, 244px\" data-has-transparency=\"false\" data-dominant-color=\"997e74\" style=\"--dominant-color: #997e74\" \/>\t\t\t\t\t\t\t\t\t\t\t\t\t\t\t<\/div>\n\t\t\t\t<\/div>\n\t\t\t\t\t<\/div>\n\t\t<\/div>\n\t\t\t\t<div class=\"elementor-column elementor-col-50 elementor-top-column elementor-element elementor-element-c9549aa\" data-id=\"c9549aa\" data-element_type=\"column\">\n\t\t\t<div class=\"elementor-widget-wrap elementor-element-populated\">\n\t\t\t\t\t\t\t\t<div class=\"elementor-element elementor-element-e2aad6f elementor-widget elementor-widget-text-editor\" data-id=\"e2aad6f\" data-element_type=\"widget\" data-widget_type=\"text-editor.default\">\n\t\t\t\t<div class=\"elementor-widget-container\">\n\t\t\t\t\t\t\t<p>R\u0119kawiczki jednorazowe przydatne s\u0105 w ka\u017cdym przypadku, gdy staramy si\u0119 pomaga\u0107 potrzebuj\u0105cym. Maseczki do prowadzenia sztucznego oddychania, cho\u0107by te najprostsze, pomog\u0105 podtrzyma\u0107 uciekaj\u0105ce \u017cycie.<\/p>\t\t\t\t\t\t<\/div>\n\t\t\t\t<\/div>\n\t\t\t\t\t<\/div>\n\t\t<\/div>\n\t\t\t\t\t\t\t<\/div>\n\t\t<\/section>\n\t\t\t\t<section class=\"elementor-section elementor-top-section elementor-element elementor-element-597dfe7 elementor-section-boxed elementor-section-height-default elementor-section-height-default\" data-id=\"597dfe7\" data-element_type=\"section\">\n\t\t\t\t\t\t<div class=\"elementor-container elementor-column-gap-default\">\n\t\t\t\t\t<div class=\"elementor-column elementor-col-100 elementor-top-column elementor-element elementor-element-dad908f\" data-id=\"dad908f\" data-element_type=\"column\">\n\t\t\t<div class=\"elementor-widget-wrap elementor-element-populated\">\n\t\t\t\t\t\t\t\t<div class=\"elementor-element elementor-element-19c4a33 elementor-widget elementor-widget-text-editor\" data-id=\"19c4a33\" data-element_type=\"widget\" data-widget_type=\"text-editor.default\">\n\t\t\t\t<div class=\"elementor-widget-container\">\n\t\t\t\t\t\t\t<h4><strong>Apteczka samochodowa<\/strong><\/h4><p>Za\u0142o\u017cenia dotycz\u0105ce skompletowania apteczki pierwszej pomocy przeznaczonej do samochodu s\u0105 inne z uwagi na fakt, i\u017c w g\u0142\u00f3wnej mierze powinna nam pomaga\u0107 nie\u015b\u0107 pomoc poszkodowanym w wypadkach drogowych. St\u0105d apteczki dost\u0119pne na rynku zawieraj\u0105 g\u0142\u00f3wnie materia\u0142y opatrunkowe, no\u017cyczki, plaster, r\u0119kawiczki jednorazowe i koc termiczny.<\/p><p>Nic nie stoi na przeszkodzie, aby samodzielnie rozbudowa\u0107 podstawow\u0105 apteczk\u0119 samochodow\u0105, przystosowuj\u0105c j\u0105 do naszych wyobra\u017ce\u0144 o ewentualnych potrzebach.<\/p><p>W sk\u0142adzie apteczki pierwszej pomocy dla samochodu powinny si\u0119 znale\u017a\u0107:<\/p><ul><li>leki przeciwb\u00f3lowe i przeciwzapalne,<\/li><li>w\u0119giel aktywowany,<\/li><li>s\u00f3l fizjologiczna,<\/li><li>materia\u0142y opatrunkowe jak: gaza, opaski elastyczne uciskowe, opatrunki ja\u0142owe, banda\u017ce, opatrunki \u017celowe, plastry opatrunkowe,<\/li><li>koc termiczny (najlepiej kilka sztuk),<\/li><li>staza medyczna\/opaska uciskowa,<\/li><li>p\u0142yn do dezynfekcji r\u0105k lub chusteczki nawil\u017cane,<\/li><li>maseczka jednorazowego u\u017cytku do prowadzenia sztucznego oddychania,<\/li><li>no\u017cyczki,<\/li><li>r\u0119kawiczki jednorazowe,<\/li><li>maseczka medyczna na twarz,<\/li><li>zbijak do szyb po\u0142\u0105czony z no\u017cem do rozcinania pas\u00f3w bezpiecze\u0144stwa.<\/li><\/ul><p>W moim przekonaniu o posiadanie apteczki pierwszej pomocy powinni zadba\u0107 tak\u017ce motocykli\u015bci i rowerzy\u015bci. Na rynku mamy coraz wi\u0119ksz\u0105 dost\u0119pno\u015b\u0107 ofert skierowanych do tej grupy odbiorc\u00f3w. Kompaktowe rozmiary oraz przemy\u015blany spos\u00f3b mocowania do nogi, paska spodni czy ramy pojazdu u\u0142atwiaj\u0105 zabranie apteczki ze sob\u0105.<\/p>\t\t\t\t\t\t<\/div>\n\t\t\t\t<\/div>\n\t\t\t\t\t<\/div>\n\t\t<\/div>\n\t\t\t\t\t\t\t<\/div>\n\t\t<\/section>\n\t\t\t\t<section class=\"elementor-section elementor-top-section elementor-element elementor-element-ea995e2 elementor-section-boxed elementor-section-height-default elementor-section-height-default\" data-id=\"ea995e2\" data-element_type=\"section\">\n\t\t\t\t\t\t<div class=\"elementor-container elementor-column-gap-default\">\n\t\t\t\t\t<div class=\"elementor-column elementor-col-33 elementor-top-column elementor-element elementor-element-757ef50\" data-id=\"757ef50\" data-element_type=\"column\">\n\t\t\t<div class=\"elementor-widget-wrap elementor-element-populated\">\n\t\t\t\t\t\t\t\t<div class=\"elementor-element elementor-element-0ece7ce elementor-widget elementor-widget-image\" data-id=\"0ece7ce\" data-element_type=\"widget\" data-widget_type=\"image.default\">\n\t\t\t\t<div class=\"elementor-widget-container\">\n\t\t\t\t\t\t\t\t\t\t\t\t\t\t\t<img loading=\"lazy\" decoding=\"async\" width=\"600\" height=\"438\" src=\"https:\/\/outof.press\/wp-content\/uploads\/2023\/12\/Apteczka-pierwszej-pomocy-niezbednik-zaniedbywany-w-naszym-zyciu_OUT-of-Dariusz-Dawidczyk_4-jpg.webp\" class=\"attachment-large size-large wp-image-1316 not-transparent\" alt=\"Apteczka-pierwszej-pomocy-niezbednik-zaniedbywany-w-naszym-zyciu_OUT-of-Dariusz-Dawidczyk\" srcset=\"https:\/\/outof.press\/wp-content\/uploads\/2023\/12\/Apteczka-pierwszej-pomocy-niezbednik-zaniedbywany-w-naszym-zyciu_OUT-of-Dariusz-Dawidczyk_4-jpg.webp 600w, https:\/\/outof.press\/wp-content\/uploads\/2023\/12\/Apteczka-pierwszej-pomocy-niezbednik-zaniedbywany-w-naszym-zyciu_OUT-of-Dariusz-Dawidczyk_4-300x219.webp 300w, https:\/\/outof.press\/wp-content\/uploads\/2023\/12\/Apteczka-pierwszej-pomocy-niezbednik-zaniedbywany-w-naszym-zyciu_OUT-of-Dariusz-Dawidczyk_4-16x12.webp 16w\" sizes=\"auto, (max-width: 600px) 100vw, 600px\" data-has-transparency=\"false\" data-dominant-color=\"9d8a53\" style=\"--dominant-color: #9d8a53\" \/>\t\t\t\t\t\t\t\t\t\t\t\t\t\t\t<\/div>\n\t\t\t\t<\/div>\n\t\t\t\t\t<\/div>\n\t\t<\/div>\n\t\t\t\t<div class=\"elementor-column elementor-col-33 elementor-top-column elementor-element elementor-element-c5b9f76\" data-id=\"c5b9f76\" data-element_type=\"column\">\n\t\t\t<div class=\"elementor-widget-wrap elementor-element-populated\">\n\t\t\t\t\t\t\t\t<div class=\"elementor-element elementor-element-8eb18b9 elementor-widget elementor-widget-image\" data-id=\"8eb18b9\" data-element_type=\"widget\" data-widget_type=\"image.default\">\n\t\t\t\t<div class=\"elementor-widget-container\">\n\t\t\t\t\t\t\t\t\t\t\t\t\t\t\t<img loading=\"lazy\" decoding=\"async\" width=\"600\" height=\"365\" src=\"https:\/\/outof.press\/wp-content\/uploads\/2023\/12\/Apteczka-pierwszej-pomocy-niezbednik-zaniedbywany-w-naszym-zyciu_OUT-of-Dariusz-Dawidczyk_5-jpg.webp\" class=\"attachment-large size-large wp-image-1317 not-transparent\" alt=\"Apteczka-pierwszej-pomocy-niezbednik-zaniedbywany-w-naszym-zyciu_OUT-of-Dariusz-Dawidczyk\" srcset=\"https:\/\/outof.press\/wp-content\/uploads\/2023\/12\/Apteczka-pierwszej-pomocy-niezbednik-zaniedbywany-w-naszym-zyciu_OUT-of-Dariusz-Dawidczyk_5-jpg.webp 600w, https:\/\/outof.press\/wp-content\/uploads\/2023\/12\/Apteczka-pierwszej-pomocy-niezbednik-zaniedbywany-w-naszym-zyciu_OUT-of-Dariusz-Dawidczyk_5-300x183.webp 300w, https:\/\/outof.press\/wp-content\/uploads\/2023\/12\/Apteczka-pierwszej-pomocy-niezbednik-zaniedbywany-w-naszym-zyciu_OUT-of-Dariusz-Dawidczyk_5-18x12.webp 18w\" sizes=\"auto, (max-width: 600px) 100vw, 600px\" data-has-transparency=\"false\" data-dominant-color=\"958381\" style=\"--dominant-color: #958381\" \/>\t\t\t\t\t\t\t\t\t\t\t\t\t\t\t<\/div>\n\t\t\t\t<\/div>\n\t\t\t\t\t<\/div>\n\t\t<\/div>\n\t\t\t\t<div class=\"elementor-column elementor-col-33 elementor-top-column elementor-element elementor-element-2dfcb2d\" data-id=\"2dfcb2d\" data-element_type=\"column\">\n\t\t\t<div class=\"elementor-widget-wrap elementor-element-populated\">\n\t\t\t\t\t\t\t\t<div class=\"elementor-element elementor-element-4856de5 elementor-widget elementor-widget-image\" data-id=\"4856de5\" data-element_type=\"widget\" data-widget_type=\"image.default\">\n\t\t\t\t<div class=\"elementor-widget-container\">\n\t\t\t\t\t\t\t\t\t\t\t\t\t\t\t<img loading=\"lazy\" decoding=\"async\" width=\"600\" height=\"448\" src=\"https:\/\/outof.press\/wp-content\/uploads\/2023\/12\/Apteczka-pierwszej-pomocy-niezbednik-zaniedbywany-w-naszym-zyciu_OUT-of-Dariusz-Dawidczyk_gaziki-jpg.webp\" class=\"attachment-large size-large wp-image-1320 not-transparent\" alt=\"Apteczka-pierwszej-pomocy-niezbednik-zaniedbywany-w-naszym-zyciu_OUT-of-Dariusz-Dawidczyk_gaziki\" srcset=\"https:\/\/outof.press\/wp-content\/uploads\/2023\/12\/Apteczka-pierwszej-pomocy-niezbednik-zaniedbywany-w-naszym-zyciu_OUT-of-Dariusz-Dawidczyk_gaziki-jpg.webp 600w, https:\/\/outof.press\/wp-content\/uploads\/2023\/12\/Apteczka-pierwszej-pomocy-niezbednik-zaniedbywany-w-naszym-zyciu_OUT-of-Dariusz-Dawidczyk_gaziki-300x224.webp 300w, https:\/\/outof.press\/wp-content\/uploads\/2023\/12\/Apteczka-pierwszej-pomocy-niezbednik-zaniedbywany-w-naszym-zyciu_OUT-of-Dariusz-Dawidczyk_gaziki-16x12.webp 16w\" sizes=\"auto, (max-width: 600px) 100vw, 600px\" data-has-transparency=\"false\" data-dominant-color=\"a49b9a\" style=\"--dominant-color: #a49b9a\" \/>\t\t\t\t\t\t\t\t\t\t\t\t\t\t\t<\/div>\n\t\t\t\t<\/div>\n\t\t\t\t\t<\/div>\n\t\t<\/div>\n\t\t\t\t\t\t\t<\/div>\n\t\t<\/section>\n\t\t\t\t<section class=\"elementor-section elementor-top-section elementor-element elementor-element-e0898dc elementor-section-boxed elementor-section-height-default elementor-section-height-default\" data-id=\"e0898dc\" data-element_type=\"section\">\n\t\t\t\t\t\t<div class=\"elementor-container elementor-column-gap-default\">\n\t\t\t\t\t<div class=\"elementor-column elementor-col-100 elementor-top-column elementor-element elementor-element-261bd8c\" data-id=\"261bd8c\" data-element_type=\"column\">\n\t\t\t<div class=\"elementor-widget-wrap elementor-element-populated\">\n\t\t\t\t\t\t\t\t<div class=\"elementor-element elementor-element-06354e5 elementor-widget elementor-widget-text-editor\" data-id=\"06354e5\" data-element_type=\"widget\" data-widget_type=\"text-editor.default\">\n\t\t\t\t<div class=\"elementor-widget-container\">\n\t\t\t\t\t\t\t<p>Jak wida\u0107 na powy\u017cszych fotografiach, nawet kompaktowych rozmiar\u00f3w apteczka motocyklisty, mo\u017ce zawiera\u0107 najbardziej potrzebne elementy. Ten konkretny egzemplarz jest \u201egratisem\u201d rozdawanym przez Zarz\u0105d Transportu Miejskiego w Warszawie, kt\u00f3ry jest mocno zaanga\u017cowany w popraw\u0119 bezpiecze\u0144stwa na drogach i poszerzanie \u015bwiadomo\u015bci uczestnik\u00f3w ruchu drogowego.<\/p>\t\t\t\t\t\t<\/div>\n\t\t\t\t<\/div>\n\t\t\t\t\t<\/div>\n\t\t<\/div>\n\t\t\t\t\t\t\t<\/div>\n\t\t<\/section>\n\t\t\t\t<section class=\"elementor-section elementor-top-section elementor-element elementor-element-ebb6177 elementor-section-boxed elementor-section-height-default elementor-section-height-default\" data-id=\"ebb6177\" data-element_type=\"section\">\n\t\t\t\t\t\t<div class=\"elementor-container elementor-column-gap-default\">\n\t\t\t\t\t<div class=\"elementor-column elementor-col-50 elementor-top-column elementor-element elementor-element-009edb7\" data-id=\"009edb7\" data-element_type=\"column\">\n\t\t\t<div class=\"elementor-widget-wrap elementor-element-populated\">\n\t\t\t\t\t\t\t\t<div class=\"elementor-element elementor-element-7f78ce7 elementor-widget elementor-widget-image\" data-id=\"7f78ce7\" data-element_type=\"widget\" data-widget_type=\"image.default\">\n\t\t\t\t<div class=\"elementor-widget-container\">\n\t\t\t\t\t\t\t\t\t\t\t\t\t\t\t<img loading=\"lazy\" decoding=\"async\" width=\"600\" height=\"430\" src=\"https:\/\/outof.press\/wp-content\/uploads\/2023\/12\/Apteczka-pierwszej-pomocy-niezbednik-zaniedbywany-w-naszym-zyciu_OUT-of-Dariusz-Dawidczyk_zbijak-jpg.webp\" class=\"attachment-large size-large wp-image-1323 not-transparent\" alt=\"Apteczka-pierwszej-pomocy-niezbednik-zaniedbywany-w-naszym-zyciu_OUT-of-Dariusz-Dawidczyk_zbijak\" srcset=\"https:\/\/outof.press\/wp-content\/uploads\/2023\/12\/Apteczka-pierwszej-pomocy-niezbednik-zaniedbywany-w-naszym-zyciu_OUT-of-Dariusz-Dawidczyk_zbijak-jpg.webp 600w, https:\/\/outof.press\/wp-content\/uploads\/2023\/12\/Apteczka-pierwszej-pomocy-niezbednik-zaniedbywany-w-naszym-zyciu_OUT-of-Dariusz-Dawidczyk_zbijak-300x215.webp 300w, https:\/\/outof.press\/wp-content\/uploads\/2023\/12\/Apteczka-pierwszej-pomocy-niezbednik-zaniedbywany-w-naszym-zyciu_OUT-of-Dariusz-Dawidczyk_zbijak-18x12.webp 18w\" sizes=\"auto, (max-width: 600px) 100vw, 600px\" data-has-transparency=\"false\" data-dominant-color=\"865b48\" style=\"--dominant-color: #865b48\" \/>\t\t\t\t\t\t\t\t\t\t\t\t\t\t\t<\/div>\n\t\t\t\t<\/div>\n\t\t\t\t\t<\/div>\n\t\t<\/div>\n\t\t\t\t<div class=\"elementor-column elementor-col-50 elementor-top-column elementor-element elementor-element-5751020\" data-id=\"5751020\" data-element_type=\"column\">\n\t\t\t<div class=\"elementor-widget-wrap elementor-element-populated\">\n\t\t\t\t\t\t\t\t<div class=\"elementor-element elementor-element-bf0684f elementor-widget elementor-widget-text-editor\" data-id=\"bf0684f\" data-element_type=\"widget\" data-widget_type=\"text-editor.default\">\n\t\t\t\t<div class=\"elementor-widget-container\">\n\t\t\t\t\t\t\t<p>Zbijak do szyb po\u0142\u0105czony z mini latark\u0105 oraz no\u017cem do rozcinania pas\u00f3w bezpiecze\u0144stwa mo\u017ce okaza\u0107 si\u0119 przydatnym narz\u0119dziem podczas ratowania \u017cycia ludzkiego na drodze.<\/p>\t\t\t\t\t\t<\/div>\n\t\t\t\t<\/div>\n\t\t\t\t\t<\/div>\n\t\t<\/div>\n\t\t\t\t\t\t\t<\/div>\n\t\t<\/section>\n\t\t\t\t<section class=\"elementor-section elementor-top-section elementor-element elementor-element-7191c01 elementor-section-boxed elementor-section-height-default elementor-section-height-default\" data-id=\"7191c01\" data-element_type=\"section\">\n\t\t\t\t\t\t<div class=\"elementor-container elementor-column-gap-default\">\n\t\t\t\t\t<div class=\"elementor-column elementor-col-100 elementor-top-column elementor-element elementor-element-76ed917\" data-id=\"76ed917\" data-element_type=\"column\">\n\t\t\t<div class=\"elementor-widget-wrap elementor-element-populated\">\n\t\t\t\t\t\t\t\t<div class=\"elementor-element elementor-element-8f36bb1 elementor-widget elementor-widget-text-editor\" data-id=\"8f36bb1\" data-element_type=\"widget\" data-widget_type=\"text-editor.default\">\n\t\t\t\t<div class=\"elementor-widget-container\">\n\t\t\t\t\t\t\t<h4><strong>Apteczka podr\u0119czna<\/strong><\/h4><p>Zapewne wiele os\u00f3b zakwestionuje zasadno\u015b\u0107 tworzenia podr\u0119cznej apteczki, noszonej na co dzie\u0144 w torbie z laptopem lub na pasku spodni. Dla mnie stanowi to element codziennego wyposa\u017cenia, nie obci\u0105\u017ca zbyt mocno a jednocze\u015bnie powoduje, \u017ce mam przy sobie kilka podstawowych narz\u0119dzi wspieraj\u0105cych w sytuacjach nietypowych.<\/p><p>W mojej ocenie minimum, kt\u00f3re ka\u017cdy powinien przy sobie mie\u0107, stanowi\u0105:<\/p><ul><li>tabletki przeciwb\u00f3lowe i przeciwzapalne,<\/li><li>w\u0119giel aktywowany,<\/li><li>podstawowe materia\u0142y opatrunkowe jak plaster i banda\u017c,<\/li><li>maseczka jednorazowego u\u017cytku do prowadzenia sztucznego oddychania,<\/li><li>r\u0119kawiczki jednorazowe,<\/li><li>p\u0142yn do dezynfekcji r\u0105k lub chusteczki nawil\u017cane,<\/li><li>n\u00f3\u017c\/scyzoryk\/multitool<\/li><li>maseczka medyczna na twarz.<\/li><\/ul><p>Te kilka element\u00f3w spakowane do podr\u0119cznej apteczki, nie zajmuje zbyt wiele miejsca. Je\u015bli cz\u0119sto przemieszczamy si\u0119 samochodem, drug\u0105 lini\u0119 wsparcia zawsze stanowi apteczka samochodowa lub domowa, zabierana na d\u0142u\u017csze wyjazdy.<\/p>\t\t\t\t\t\t<\/div>\n\t\t\t\t<\/div>\n\t\t\t\t\t<\/div>\n\t\t<\/div>\n\t\t\t\t\t\t\t<\/div>\n\t\t<\/section>\n\t\t\t\t<section class=\"elementor-section elementor-top-section elementor-element elementor-element-12acda7 elementor-section-boxed elementor-section-height-default elementor-section-height-default\" data-id=\"12acda7\" data-element_type=\"section\">\n\t\t\t\t\t\t<div class=\"elementor-container elementor-column-gap-default\">\n\t\t\t\t\t<div class=\"elementor-column elementor-col-50 elementor-top-column elementor-element elementor-element-3b2acba\" data-id=\"3b2acba\" data-element_type=\"column\">\n\t\t\t<div class=\"elementor-widget-wrap elementor-element-populated\">\n\t\t\t\t\t\t\t\t<div class=\"elementor-element elementor-element-86844f1 elementor-widget elementor-widget-image\" data-id=\"86844f1\" data-element_type=\"widget\" data-widget_type=\"image.default\">\n\t\t\t\t<div class=\"elementor-widget-container\">\n\t\t\t\t\t\t\t\t\t\t\t\t\t\t\t<img loading=\"lazy\" decoding=\"async\" width=\"600\" height=\"518\" src=\"https:\/\/outof.press\/wp-content\/uploads\/2023\/12\/Apteczka-pierwszej-pomocy-niezbednik-zaniedbywany-w-naszym-zyciu_OUT-of-Dariusz-Dawidczyk_6-jpg.webp\" class=\"attachment-large size-large wp-image-1318 not-transparent\" alt=\"Apteczka-pierwszej-pomocy-niezbednik-zaniedbywany-w-naszym-zyciu_OUT-of-Dariusz-Dawidczyk\" srcset=\"https:\/\/outof.press\/wp-content\/uploads\/2023\/12\/Apteczka-pierwszej-pomocy-niezbednik-zaniedbywany-w-naszym-zyciu_OUT-of-Dariusz-Dawidczyk_6-jpg.webp 600w, https:\/\/outof.press\/wp-content\/uploads\/2023\/12\/Apteczka-pierwszej-pomocy-niezbednik-zaniedbywany-w-naszym-zyciu_OUT-of-Dariusz-Dawidczyk_6-300x259.webp 300w, https:\/\/outof.press\/wp-content\/uploads\/2023\/12\/Apteczka-pierwszej-pomocy-niezbednik-zaniedbywany-w-naszym-zyciu_OUT-of-Dariusz-Dawidczyk_6-14x12.webp 14w\" sizes=\"auto, (max-width: 600px) 100vw, 600px\" data-has-transparency=\"false\" data-dominant-color=\"927275\" style=\"--dominant-color: #927275\" \/>\t\t\t\t\t\t\t\t\t\t\t\t\t\t\t<\/div>\n\t\t\t\t<\/div>\n\t\t\t\t\t<\/div>\n\t\t<\/div>\n\t\t\t\t<div class=\"elementor-column elementor-col-50 elementor-top-column elementor-element elementor-element-c2ddd0b\" data-id=\"c2ddd0b\" data-element_type=\"column\">\n\t\t\t<div class=\"elementor-widget-wrap elementor-element-populated\">\n\t\t\t\t\t\t\t\t<div class=\"elementor-element elementor-element-76d170e elementor-widget elementor-widget-text-editor\" data-id=\"76d170e\" data-element_type=\"widget\" data-widget_type=\"text-editor.default\">\n\t\t\t\t<div class=\"elementor-widget-container\">\n\t\t\t\t\t\t\t<p>Sk\u0142ad przyk\u0142adowej apteczki podr\u0119cznej w opakowaniu 10x10cm z mo\u017cliwo\u015bci\u0105 przymocowania do paska, torby czy kluczy.<\/p>\t\t\t\t\t\t<\/div>\n\t\t\t\t<\/div>\n\t\t\t\t\t<\/div>\n\t\t<\/div>\n\t\t\t\t\t\t\t<\/div>\n\t\t<\/section>\n\t\t\t\t<section class=\"elementor-section elementor-top-section elementor-element elementor-element-7049a8d elementor-section-boxed elementor-section-height-default elementor-section-height-default\" data-id=\"7049a8d\" data-element_type=\"section\">\n\t\t\t\t\t\t<div class=\"elementor-container elementor-column-gap-default\">\n\t\t\t\t\t<div class=\"elementor-column elementor-col-100 elementor-top-column elementor-element elementor-element-77dfbff\" data-id=\"77dfbff\" data-element_type=\"column\">\n\t\t\t<div class=\"elementor-widget-wrap elementor-element-populated\">\n\t\t\t\t\t\t\t\t<div class=\"elementor-element elementor-element-a64fb54 elementor-widget elementor-widget-text-editor\" data-id=\"a64fb54\" data-element_type=\"widget\" data-widget_type=\"text-editor.default\">\n\t\t\t\t<div class=\"elementor-widget-container\">\n\t\t\t\t\t\t\t<p>Wnikaj\u0105c w poruszone powy\u017cej tematy a tak\u017ce poszerzaj\u0105c posiadan\u0105 wiedz\u0119 z zakresu pierwszej pomocy przedmedycznej, cz\u0119sto jeste\u015bmy w stanie zrobi\u0107 wi\u0119cej ni\u017c nam si\u0119 wydaje, pomagaj\u0105c sobie i innym potrzebuj\u0105cym. Na temat apteczek medycznych towarzysz\u0105cych nam w \u017cyciu, najlepiej spojrze\u0107 przez pryzmat zdrowia i \u017cycia naszych najbli\u017cszych\u2026.. rodzic\u00f3w, dziadk\u00f3w, dzieci\u2026.. wtedy ch\u0119tniej zabierzemy si\u0119 do przygotowa\u0144.<\/p><p>Wiele zale\u017cy od naszych preferencji i zaanga\u017cowania. Gdy nie czujemy si\u0119 na si\u0142ach, zawsze mo\u017cemy zwr\u00f3ci\u0107 si\u0119 o pomoc do fachowc\u00f3w lub podeprze\u0107 do\u015bwiadczeniami innych ludzi. Determinacja w dzia\u0142aniu powoduje, \u017ce wszystko staje si\u0119 mo\u017cliwe.<\/p>\t\t\t\t\t\t<\/div>\n\t\t\t\t<\/div>\n\t\t\t\t\t<\/div>\n\t\t<\/div>\n\t\t\t\t\t\t\t<\/div>\n\t\t<\/section>\n\t\t\t\t<section class=\"elementor-section elementor-top-section elementor-element elementor-element-8a96db5 elementor-section-boxed elementor-section-height-default elementor-section-height-default\" data-id=\"8a96db5\" data-element_type=\"section\">\n\t\t\t\t\t\t<div class=\"elementor-container elementor-column-gap-default\">\n\t\t\t\t\t<div class=\"elementor-column elementor-col-100 elementor-top-column elementor-element elementor-element-98f6976\" data-id=\"98f6976\" data-element_type=\"column\">\n\t\t\t<div class=\"elementor-widget-wrap elementor-element-populated\">\n\t\t\t\t\t\t\t\t<div class=\"elementor-element elementor-element-b948af5 elementor-widget-divider--view-line elementor-invisible elementor-widget elementor-widget-divider\" data-id=\"b948af5\" data-element_type=\"widget\" data-settings=\"{&quot;_animation&quot;:&quot;fadeInLeft&quot;}\" data-widget_type=\"divider.default\">\n\t\t\t\t<div class=\"elementor-widget-container\">\n\t\t\t<style>\/*! elementor - v3.14.0 - 26-06-2023 *\/\n.elementor-widget-divider{--divider-border-style:none;--divider-border-width:1px;--divider-color:#0c0d0e;--divider-icon-size:20px;--divider-element-spacing:10px;--divider-pattern-height:24px;--divider-pattern-size:20px;--divider-pattern-url:none;--divider-pattern-repeat:repeat-x}.elementor-widget-divider .elementor-divider{display:flex}.elementor-widget-divider .elementor-divider__text{font-size:15px;line-height:1;max-width:95%}.elementor-widget-divider .elementor-divider__element{margin:0 var(--divider-element-spacing);flex-shrink:0}.elementor-widget-divider .elementor-icon{font-size:var(--divider-icon-size)}.elementor-widget-divider .elementor-divider-separator{display:flex;margin:0;direction:ltr}.elementor-widget-divider--view-line_icon .elementor-divider-separator,.elementor-widget-divider--view-line_text .elementor-divider-separator{align-items:center}.elementor-widget-divider--view-line_icon .elementor-divider-separator:after,.elementor-widget-divider--view-line_icon .elementor-divider-separator:before,.elementor-widget-divider--view-line_text .elementor-divider-separator:after,.elementor-widget-divider--view-line_text .elementor-divider-separator:before{display:block;content:\"\";border-bottom:0;flex-grow:1;border-top:var(--divider-border-width) var(--divider-border-style) var(--divider-color)}.elementor-widget-divider--element-align-left .elementor-divider .elementor-divider-separator>.elementor-divider__svg:first-of-type{flex-grow:0;flex-shrink:100}.elementor-widget-divider--element-align-left .elementor-divider-separator:before{content:none}.elementor-widget-divider--element-align-left .elementor-divider__element{margin-left:0}.elementor-widget-divider--element-align-right .elementor-divider .elementor-divider-separator>.elementor-divider__svg:last-of-type{flex-grow:0;flex-shrink:100}.elementor-widget-divider--element-align-right .elementor-divider-separator:after{content:none}.elementor-widget-divider--element-align-right .elementor-divider__element{margin-right:0}.elementor-widget-divider:not(.elementor-widget-divider--view-line_text):not(.elementor-widget-divider--view-line_icon) .elementor-divider-separator{border-top:var(--divider-border-width) var(--divider-border-style) var(--divider-color)}.elementor-widget-divider--separator-type-pattern{--divider-border-style:none}.elementor-widget-divider--separator-type-pattern.elementor-widget-divider--view-line .elementor-divider-separator,.elementor-widget-divider--separator-type-pattern:not(.elementor-widget-divider--view-line) .elementor-divider-separator:after,.elementor-widget-divider--separator-type-pattern:not(.elementor-widget-divider--view-line) .elementor-divider-separator:before,.elementor-widget-divider--separator-type-pattern:not([class*=elementor-widget-divider--view]) .elementor-divider-separator{width:100%;min-height:var(--divider-pattern-height);-webkit-mask-size:var(--divider-pattern-size) 100%;mask-size:var(--divider-pattern-size) 100%;-webkit-mask-repeat:var(--divider-pattern-repeat);mask-repeat:var(--divider-pattern-repeat);background-color:var(--divider-color);-webkit-mask-image:var(--divider-pattern-url);mask-image:var(--divider-pattern-url)}.elementor-widget-divider--no-spacing{--divider-pattern-size:auto}.elementor-widget-divider--bg-round{--divider-pattern-repeat:round}.rtl .elementor-widget-divider .elementor-divider__text{direction:rtl}.e-con-inner>.elementor-widget-divider,.e-con>.elementor-widget-divider{width:var(--container-widget-width,100%);--flex-grow:var(--container-widget-flex-grow)}<\/style>\t\t<div class=\"elementor-divider\">\n\t\t\t<span class=\"elementor-divider-separator\">\n\t\t\t\t\t\t<\/span>\n\t\t<\/div>\n\t\t\t\t<\/div>\n\t\t\t\t<\/div>\n\t\t\t\t\t<\/div>\n\t\t<\/div>\n\t\t\t\t\t\t\t<\/div>\n\t\t<\/section>\n\t\t\t\t<section class=\"elementor-section elementor-top-section elementor-element elementor-element-5d2580a elementor-section-boxed elementor-section-height-default elementor-section-height-default\" data-id=\"5d2580a\" data-element_type=\"section\">\n\t\t\t\t\t\t<div class=\"elementor-container elementor-column-gap-default\">\n\t\t\t\t\t<div class=\"elementor-column elementor-col-50 elementor-top-column elementor-element elementor-element-9a944b5\" data-id=\"9a944b5\" data-element_type=\"column\">\n\t\t\t<div class=\"elementor-widget-wrap elementor-element-populated\">\n\t\t\t\t\t\t\t\t<div class=\"elementor-element elementor-element-b39380e elementor-widget elementor-widget-image\" data-id=\"b39380e\" data-element_type=\"widget\" data-widget_type=\"image.default\">\n\t\t\t\t<div class=\"elementor-widget-container\">\n\t\t\t\t\t\t\t\t\t\t\t\t\t\t\t<img loading=\"lazy\" decoding=\"async\" width=\"640\" height=\"640\" src=\"https:\/\/outof.press\/wp-content\/uploads\/2023\/10\/Dariusz-Dawidczyk_OUT-of-jpg.webp\" class=\"attachment-large size-large wp-image-974 not-transparent\" alt=\"Dariusz Dawidczyk_OUT of poza uk\u0142adami\" srcset=\"https:\/\/outof.press\/wp-content\/uploads\/2023\/10\/Dariusz-Dawidczyk_OUT-of-jpg.webp 800w, https:\/\/outof.press\/wp-content\/uploads\/2023\/10\/Dariusz-Dawidczyk_OUT-of-300x300.webp 300w, https:\/\/outof.press\/wp-content\/uploads\/2023\/10\/Dariusz-Dawidczyk_OUT-of-150x150.webp 150w, https:\/\/outof.press\/wp-content\/uploads\/2023\/10\/Dariusz-Dawidczyk_OUT-of-768x768.webp 768w, https:\/\/outof.press\/wp-content\/uploads\/2023\/10\/Dariusz-Dawidczyk_OUT-of-12x12.webp 12w\" sizes=\"auto, (max-width: 640px) 100vw, 640px\" data-has-transparency=\"false\" data-dominant-color=\"806651\" style=\"--dominant-color: #806651\" \/>\t\t\t\t\t\t\t\t\t\t\t\t\t\t\t<\/div>\n\t\t\t\t<\/div>\n\t\t\t\t\t<\/div>\n\t\t<\/div>\n\t\t\t\t<div class=\"elementor-column elementor-col-50 elementor-top-column elementor-element elementor-element-05df445\" data-id=\"05df445\" data-element_type=\"column\">\n\t\t\t<div class=\"elementor-widget-wrap elementor-element-populated\">\n\t\t\t\t\t\t\t\t<div class=\"elementor-element elementor-element-36a1210 elementor-widget elementor-widget-text-editor\" data-id=\"36a1210\" data-element_type=\"widget\" data-widget_type=\"text-editor.default\">\n\t\t\t\t<div class=\"elementor-widget-container\">\n\t\t\t\t\t\t\t<p>Dariusz Dawidczyk &#8211; przedsi\u0119biorca, filantrop, prepers.<\/p><p>Uwa\u017cny obserwator \u015bwiatowej sceny politycznej i gospodarczej.<\/p>\t\t\t\t\t\t<\/div>\n\t\t\t\t<\/div>\n\t\t\t\t\t<\/div>\n\t\t<\/div>\n\t\t\t\t\t\t\t<\/div>\n\t\t<\/section>\n\t\t\t\t<section class=\"elementor-section elementor-top-section elementor-element elementor-element-7fac194 elementor-section-boxed elementor-section-height-default elementor-section-height-default\" data-id=\"7fac194\" data-element_type=\"section\">\n\t\t\t\t\t\t<div class=\"elementor-container elementor-column-gap-default\">\n\t\t\t\t\t<div class=\"elementor-column elementor-col-100 elementor-top-column elementor-element elementor-element-8a0dddb\" data-id=\"8a0dddb\" data-element_type=\"column\">\n\t\t\t<div class=\"elementor-widget-wrap elementor-element-populated\">\n\t\t\t\t\t\t\t\t<div class=\"elementor-element elementor-element-28bdafb elementor-widget-divider--view-line elementor-invisible elementor-widget elementor-widget-divider\" data-id=\"28bdafb\" data-element_type=\"widget\" data-settings=\"{&quot;_animation&quot;:&quot;fadeInLeft&quot;}\" data-widget_type=\"divider.default\">\n\t\t\t\t<div class=\"elementor-widget-container\">\n\t\t\t\t\t<div class=\"elementor-divider\">\n\t\t\t<span class=\"elementor-divider-separator\">\n\t\t\t\t\t\t<\/span>\n\t\t<\/div>\n\t\t\t\t<\/div>\n\t\t\t\t<\/div>\n\t\t\t\t\t<\/div>\n\t\t<\/div>\n\t\t\t\t\t\t\t<\/div>\n\t\t<\/section>\n\t\t\t\t<section class=\"elementor-section elementor-top-section elementor-element elementor-element-4cb5c68 elementor-section-boxed elementor-section-height-default elementor-section-height-default\" data-id=\"4cb5c68\" data-element_type=\"section\">\n\t\t\t\t\t\t<div class=\"elementor-container elementor-column-gap-default\">\n\t\t\t\t\t<div class=\"elementor-column elementor-col-100 elementor-top-column elementor-element elementor-element-1ce21c5\" data-id=\"1ce21c5\" data-element_type=\"column\">\n\t\t\t<div class=\"elementor-widget-wrap elementor-element-populated\">\n\t\t\t\t\t\t\t\t<div class=\"elementor-element elementor-element-4c3fb43 elementor-widget elementor-widget-text-editor\" data-id=\"4c3fb43\" data-element_type=\"widget\" data-widget_type=\"text-editor.default\">\n\t\t\t\t<div class=\"elementor-widget-container\">\n\t\t\t\t\t\t\t<p>We invite you to visit our services:<\/p>\n<p>YouTube <a href=\"https:\/\/www.youtube.com\/@OutOfPozaUkladami\">https:\/\/www.youtube.com\/@OutOfPozaUkladami<\/a><br>Facebook <a href=\"https:\/\/www.facebook.com\/outofpozaukladami\">https:\/\/www.facebook.com\/outofpozaukladami<\/a><br>Instagram <a href=\"https:\/\/www.instagram.com\/outof.pozaukladami\/\">https:\/\/www.instagram.com\/outof.pozaukladami\/<\/a><\/p>\t\t\t\t\t\t<\/div>\n\t\t\t\t<\/div>\n\t\t\t\t\t<\/div>\n\t\t<\/div>\n\t\t\t\t\t\t\t<\/div>\n\t\t<\/section>\n\t\t\t\t<section class=\"elementor-section elementor-top-section elementor-element elementor-element-99aa4f2 elementor-section-boxed elementor-section-height-default elementor-section-height-default\" data-id=\"99aa4f2\" data-element_type=\"section\">\n\t\t\t\t\t\t<div class=\"elementor-container elementor-column-gap-default\">\n\t\t\t\t\t<div class=\"elementor-column elementor-col-100 elementor-top-column elementor-element elementor-element-d8ac6f5\" data-id=\"d8ac6f5\" data-element_type=\"column\">\n\t\t\t<div class=\"elementor-widget-wrap elementor-element-populated\">\n\t\t\t\t\t\t\t\t<div class=\"elementor-element elementor-element-f9554d7 elementor-widget elementor-widget-text-editor\" data-id=\"f9554d7\" data-element_type=\"widget\" data-widget_type=\"text-editor.default\">\n\t\t\t\t<div class=\"elementor-widget-container\">\n\t\t\t\t\t\t\t<p><a href=\"https:\/\/outof.press\/en\/kontakt\/\">Contact us<\/a><\/p>\t\t\t\t\t\t<\/div>\n\t\t\t\t<\/div>\n\t\t\t\t\t<\/div>\n\t\t<\/div>\n\t\t\t\t\t\t\t<\/div>\n\t\t<\/section>\n\t\t\t\t<section class=\"elementor-section elementor-top-section elementor-element elementor-element-47a9abf elementor-section-boxed elementor-section-height-default elementor-section-height-default\" data-id=\"47a9abf\" data-element_type=\"section\">\n\t\t\t\t\t\t<div class=\"elementor-container elementor-column-gap-default\">\n\t\t\t\t\t<div class=\"elementor-column elementor-col-100 elementor-top-column elementor-element elementor-element-4d523a8\" data-id=\"4d523a8\" data-element_type=\"column\">\n\t\t\t<div class=\"elementor-widget-wrap elementor-element-populated\">\n\t\t\t\t\t\t\t\t<div class=\"elementor-element elementor-element-f571d9f elementor-widget-divider--view-line elementor-invisible elementor-widget elementor-widget-divider\" data-id=\"f571d9f\" data-element_type=\"widget\" data-settings=\"{&quot;_animation&quot;:&quot;fadeInLeft&quot;}\" data-widget_type=\"divider.default\">\n\t\t\t\t<div class=\"elementor-widget-container\">\n\t\t\t\t\t<div class=\"elementor-divider\">\n\t\t\t<span class=\"elementor-divider-separator\">\n\t\t\t\t\t\t<\/span>\n\t\t<\/div>\n\t\t\t\t<\/div>\n\t\t\t\t<\/div>\n\t\t\t\t\t<\/div>\n\t\t<\/div>\n\t\t\t\t\t\t\t<\/div>\n\t\t<\/section>\n\t\t\t\t<section class=\"elementor-section elementor-top-section elementor-element elementor-element-f1ba470 elementor-section-boxed elementor-section-height-default elementor-section-height-default\" data-id=\"f1ba470\" data-element_type=\"section\">\n\t\t\t\t\t\t<div class=\"elementor-container elementor-column-gap-default\">\n\t\t\t\t\t<div class=\"elementor-column elementor-col-50 elementor-top-column elementor-element elementor-element-b022c11\" data-id=\"b022c11\" data-element_type=\"column\">\n\t\t\t<div class=\"elementor-widget-wrap elementor-element-populated\">\n\t\t\t\t\t\t\t\t<div class=\"elementor-element elementor-element-d98a813 elementor-widget elementor-widget-text-editor\" data-id=\"d98a813\" data-element_type=\"widget\" data-widget_type=\"text-editor.default\">\n\t\t\t\t<div class=\"elementor-widget-container\">\n\t\t\t\t\t\t\t<h4><a href=\"https:\/\/no-war.world\/\">Our NO WAR global project<\/a><\/h4>\t\t\t\t\t\t<\/div>\n\t\t\t\t<\/div>\n\t\t\t\t<div class=\"elementor-element elementor-element-4d305e4 elementor-widget elementor-widget-image\" data-id=\"4d305e4\" data-element_type=\"widget\" data-widget_type=\"image.default\">\n\t\t\t\t<div class=\"elementor-widget-container\">\n\t\t\t\t\t\t\t\t\t\t\t\t\t\t\t<img loading=\"lazy\" decoding=\"async\" width=\"640\" height=\"178\" src=\"https:\/\/outof.press\/wp-content\/uploads\/2023\/06\/NO-WAR_kolor.png\" class=\"attachment-large size-large wp-image-297\" alt=\"NO War Global Project\" srcset=\"https:\/\/outof.press\/wp-content\/uploads\/2023\/06\/NO-WAR_kolor.png 659w, https:\/\/outof.press\/wp-content\/uploads\/2023\/06\/NO-WAR_kolor-300x83.png 300w\" sizes=\"auto, (max-width: 640px) 100vw, 640px\" \/>\t\t\t\t\t\t\t\t\t\t\t\t\t\t\t<\/div>\n\t\t\t\t<\/div>\n\t\t\t\t\t<\/div>\n\t\t<\/div>\n\t\t\t\t<div class=\"elementor-column elementor-col-50 elementor-top-column elementor-element elementor-element-adafde7\" data-id=\"adafde7\" data-element_type=\"column\">\n\t\t\t<div class=\"elementor-widget-wrap elementor-element-populated\">\n\t\t\t\t\t\t\t\t<div class=\"elementor-element elementor-element-3e09fdb elementor-widget elementor-widget-text-editor\" data-id=\"3e09fdb\" data-element_type=\"widget\" data-widget_type=\"text-editor.default\">\n\t\t\t\t<div class=\"elementor-widget-container\">\n\t\t\t\t\t\t\t<p>IDEA NO WAR<br \/>Our cruise, our voyage around the world, our idea of no-war, is a manifesto against all the wars we are fighting. Wars for resources, for profits, for energy, data, raw materials and lands. Wars born of the stupidity of hatred and greed.<\/p><p>Our cruise is a symbol of freedom and strength. The strength that each of us has within ourselves. The strength through which together we can change our surroundings.<\/p>\t\t\t\t\t\t<\/div>\n\t\t\t\t<\/div>\n\t\t\t\t\t<\/div>\n\t\t<\/div>\n\t\t\t\t\t\t\t<\/div>\n\t\t<\/section>\n\t\t\t\t\t\t\t<\/div>","protected":false},"excerpt":{"rendered":"<p>Jednym z wielu zaniedbywanych element\u00f3w, kt\u00f3re powinny wchodzi\u0107 w sk\u0142ad wyposa\u017cenia naszego domu, samochodu czy torby podr\u0119cznej jest apteczka pierwszej pomocy.<\/p>","protected":false},"author":1,"featured_media":1328,"comment_status":"closed","ping_status":"closed","sticky":false,"template":"","format":"standard","meta":{"footnotes":""},"categories":[8,56],"tags":[146,158,120,117,159,25,160,119,47,63,161],"class_list":["post-1300","post","type-post","status-publish","format-standard","has-post-thumbnail","hentry","category-spoleczenstwo","category-zdrowie","tag-apteczka","tag-apteczka-pierwszej-pomocy","tag-dariusz-dawidczyk","tag-malgorzata-hys","tag-medium","tag-nowe-media","tag-otwarte","tag-outof","tag-poza-ukladami","tag-ryszard-sobocinski","tag-temat"],"yoast_head":"<!-- This site is optimized with the Yoast SEO plugin v21.7 - https:\/\/yoast.com\/wordpress\/plugins\/seo\/ -->\n<title>Apteczka pierwszej pomocy \u2013 \u201eniezb\u0119dnik\u201d zaniedbywany w naszym \u017cyciu. - OUT of - poza uk\u0142adami<\/title>\n<meta name=\"description\" content=\"Jednym z wielu zaniedbywanych element\u00f3w, kt\u00f3re powinny wchodzi\u0107 w sk\u0142ad wyposa\u017cenia naszego domu, samochodu, torby podr\u0119cznej, jest apteczka\" \/>\n<meta name=\"robots\" content=\"index, follow, max-snippet:-1, max-image-preview:large, max-video-preview:-1\" \/>\n<link rel=\"canonical\" href=\"https:\/\/outof.press\/en\/apteczka-pierwszej-pomocy\/\" \/>\n<meta property=\"og:locale\" content=\"en_US\" \/>\n<meta property=\"og:type\" content=\"article\" \/>\n<meta property=\"og:title\" content=\"Apteczka pierwszej pomocy \u2013 \u201eniezb\u0119dnik\u201d zaniedbywany w naszym \u017cyciu. - OUT of - poza uk\u0142adami\" \/>\n<meta property=\"og:description\" content=\"Jednym z wielu zaniedbywanych element\u00f3w, kt\u00f3re powinny wchodzi\u0107 w sk\u0142ad wyposa\u017cenia naszego domu, samochodu, torby podr\u0119cznej, jest apteczka\" \/>\n<meta property=\"og:url\" content=\"https:\/\/outof.press\/en\/apteczka-pierwszej-pomocy\/\" \/>\n<meta property=\"og:site_name\" content=\"OUT of - poza uk\u0142adami\" \/>\n<meta property=\"article:published_time\" content=\"2023-12-18T15:24:13+00:00\" \/>\n<meta property=\"article:modified_time\" content=\"2023-12-18T19:09:24+00:00\" \/>\n<meta property=\"og:image\" content=\"https:\/\/outof.press\/wp-content\/uploads\/2023\/12\/Apteczka-pierwszej-pomocy-\u2013-\u201eniezbednik-zaniedbywany-w-naszym-zyciu_Dariusz-Dawidczyk_OUT-of-poza-ukladami_Obszar-roboczy-1.png\" \/>\n\t<meta property=\"og:image:width\" content=\"648\" \/>\n\t<meta property=\"og:image:height\" content=\"425\" \/>\n\t<meta property=\"og:image:type\" content=\"image\/png\" \/>\n<meta name=\"author\" content=\"OUT of\" \/>\n<meta name=\"twitter:card\" content=\"summary_large_image\" \/>\n<meta name=\"twitter:label1\" content=\"Written by\" \/>\n\t<meta name=\"twitter:data1\" content=\"OUT of\" \/>\n\t<meta name=\"twitter:label2\" content=\"Est. reading time\" \/>\n\t<meta name=\"twitter:data2\" content=\"10 minutes\" \/>\n<script type=\"application\/ld+json\" class=\"yoast-schema-graph\">{\"@context\":\"https:\/\/schema.org\",\"@graph\":[{\"@type\":\"Article\",\"@id\":\"https:\/\/outof.press\/apteczka-pierwszej-pomocy\/#article\",\"isPartOf\":{\"@id\":\"https:\/\/outof.press\/apteczka-pierwszej-pomocy\/\"},\"author\":{\"name\":\"OUT of\",\"@id\":\"https:\/\/outof.press\/#\/schema\/person\/1229ca0772d662de39b9babb9d605a26\"},\"headline\":\"Apteczka pierwszej pomocy \u2013 \u201eniezb\u0119dnik\u201d zaniedbywany w naszym \u017cyciu.\",\"datePublished\":\"2023-12-18T15:24:13+00:00\",\"dateModified\":\"2023-12-18T19:09:24+00:00\",\"mainEntityOfPage\":{\"@id\":\"https:\/\/outof.press\/apteczka-pierwszej-pomocy\/\"},\"wordCount\":1434,\"publisher\":{\"@id\":\"https:\/\/outof.press\/#organization\"},\"keywords\":[\"apteczka\",\"apteczka pierwszej pomocy\",\"Dariusz Dawidczyk\",\"Ma\u0142gorzata Hys\",\"medium\",\"nowe media\",\"otwarte\",\"OUTof\",\"poza uk\u0142adami\",\"Ryszard Soboci\u0144ski\",\"temat\"],\"articleSection\":[\"Spo\u0142ecze\u0144stwo\",\"Zdrowie\"],\"inLanguage\":\"en-US\"},{\"@type\":\"WebPage\",\"@id\":\"https:\/\/outof.press\/apteczka-pierwszej-pomocy\/\",\"url\":\"https:\/\/outof.press\/apteczka-pierwszej-pomocy\/\",\"name\":\"Apteczka pierwszej pomocy \u2013 \u201eniezb\u0119dnik\u201d zaniedbywany w naszym \u017cyciu. - OUT of - poza uk\u0142adami\",\"isPartOf\":{\"@id\":\"https:\/\/outof.press\/#website\"},\"datePublished\":\"2023-12-18T15:24:13+00:00\",\"dateModified\":\"2023-12-18T19:09:24+00:00\",\"description\":\"Jednym z wielu zaniedbywanych element\u00f3w, kt\u00f3re powinny wchodzi\u0107 w sk\u0142ad wyposa\u017cenia naszego domu, samochodu, torby podr\u0119cznej, jest apteczka\",\"breadcrumb\":{\"@id\":\"https:\/\/outof.press\/apteczka-pierwszej-pomocy\/#breadcrumb\"},\"inLanguage\":\"en-US\",\"potentialAction\":[{\"@type\":\"ReadAction\",\"target\":[\"https:\/\/outof.press\/apteczka-pierwszej-pomocy\/\"]}]},{\"@type\":\"BreadcrumbList\",\"@id\":\"https:\/\/outof.press\/apteczka-pierwszej-pomocy\/#breadcrumb\",\"itemListElement\":[{\"@type\":\"ListItem\",\"position\":1,\"name\":\"Home\",\"item\":\"https:\/\/outof.press\/\"},{\"@type\":\"ListItem\",\"position\":2,\"name\":\"Apteczka pierwszej pomocy \u2013 \u201eniezb\u0119dnik\u201d zaniedbywany w naszym \u017cyciu.\"}]},{\"@type\":\"WebSite\",\"@id\":\"https:\/\/outof.press\/#website\",\"url\":\"https:\/\/outof.press\/\",\"name\":\"OUT of - poza uk\u0142adami\",\"description\":\"Medium otwarte na ka\u017cdy temat.\",\"publisher\":{\"@id\":\"https:\/\/outof.press\/#organization\"},\"potentialAction\":[{\"@type\":\"SearchAction\",\"target\":{\"@type\":\"EntryPoint\",\"urlTemplate\":\"https:\/\/outof.press\/?s={search_term_string}\"},\"query-input\":\"required name=search_term_string\"}],\"inLanguage\":\"en-US\"},{\"@type\":\"Organization\",\"@id\":\"https:\/\/outof.press\/#organization\",\"name\":\"OUT of - poza uk\u0142adami\",\"url\":\"https:\/\/outof.press\/\",\"logo\":{\"@type\":\"ImageObject\",\"inLanguage\":\"en-US\",\"@id\":\"https:\/\/outof.press\/#\/schema\/logo\/image\/\",\"url\":\"https:\/\/outof.press\/wp-content\/uploads\/2023\/12\/OUT-Of-poza-ukladami_Medium-otwarte-na-kazdy-temat_Obszar-roboczy-1.png\",\"contentUrl\":\"https:\/\/outof.press\/wp-content\/uploads\/2023\/12\/OUT-Of-poza-ukladami_Medium-otwarte-na-kazdy-temat_Obszar-roboczy-1.png\",\"width\":404,\"height\":159,\"caption\":\"OUT of - poza uk\u0142adami\"},\"image\":{\"@id\":\"https:\/\/outof.press\/#\/schema\/logo\/image\/\"}},{\"@type\":\"Person\",\"@id\":\"https:\/\/outof.press\/#\/schema\/person\/1229ca0772d662de39b9babb9d605a26\",\"name\":\"OUT of\",\"image\":{\"@type\":\"ImageObject\",\"inLanguage\":\"en-US\",\"@id\":\"https:\/\/outof.press\/#\/schema\/person\/image\/\",\"url\":\"https:\/\/secure.gravatar.com\/avatar\/9a799d0f655b2c36d6cbac5db593b7dd87eb5fdfef6628cb880e7405b2956bc9?s=96&d=mm&r=g\",\"contentUrl\":\"https:\/\/secure.gravatar.com\/avatar\/9a799d0f655b2c36d6cbac5db593b7dd87eb5fdfef6628cb880e7405b2956bc9?s=96&d=mm&r=g\",\"caption\":\"OUT of\"},\"sameAs\":[\"http:\/\/outof.press\"],\"url\":\"https:\/\/outof.press\/en\/author\/adminoutof\/\"}]}<\/script>\n<!-- \/ Yoast SEO plugin. -->","yoast_head_json":{"title":"Apteczka pierwszej pomocy \u2013 \u201eniezb\u0119dnik\u201d zaniedbywany w naszym \u017cyciu. - OUT of - poza uk\u0142adami","description":"Jednym z wielu zaniedbywanych element\u00f3w, kt\u00f3re powinny wchodzi\u0107 w sk\u0142ad wyposa\u017cenia naszego domu, samochodu, torby podr\u0119cznej, jest apteczka","robots":{"index":"index","follow":"follow","max-snippet":"max-snippet:-1","max-image-preview":"max-image-preview:large","max-video-preview":"max-video-preview:-1"},"canonical":"https:\/\/outof.press\/en\/apteczka-pierwszej-pomocy\/","og_locale":"en_US","og_type":"article","og_title":"Apteczka pierwszej pomocy \u2013 \u201eniezb\u0119dnik\u201d zaniedbywany w naszym \u017cyciu. - OUT of - poza uk\u0142adami","og_description":"Jednym z wielu zaniedbywanych element\u00f3w, kt\u00f3re powinny wchodzi\u0107 w sk\u0142ad wyposa\u017cenia naszego domu, samochodu, torby podr\u0119cznej, jest apteczka","og_url":"https:\/\/outof.press\/en\/apteczka-pierwszej-pomocy\/","og_site_name":"OUT of - poza uk\u0142adami","article_published_time":"2023-12-18T15:24:13+00:00","article_modified_time":"2023-12-18T19:09:24+00:00","og_image":[{"width":648,"height":425,"url":"https:\/\/outof.press\/wp-content\/uploads\/2023\/12\/Apteczka-pierwszej-pomocy-\u2013-\u201eniezbednik-zaniedbywany-w-naszym-zyciu_Dariusz-Dawidczyk_OUT-of-poza-ukladami_Obszar-roboczy-1.png","type":"image\/png"}],"author":"OUT of","twitter_card":"summary_large_image","twitter_misc":{"Written by":"OUT of","Est. reading time":"10 minutes"},"schema":{"@context":"https:\/\/schema.org","@graph":[{"@type":"Article","@id":"https:\/\/outof.press\/apteczka-pierwszej-pomocy\/#article","isPartOf":{"@id":"https:\/\/outof.press\/apteczka-pierwszej-pomocy\/"},"author":{"name":"OUT of","@id":"https:\/\/outof.press\/#\/schema\/person\/1229ca0772d662de39b9babb9d605a26"},"headline":"Apteczka pierwszej pomocy \u2013 \u201eniezb\u0119dnik\u201d zaniedbywany w naszym \u017cyciu.","datePublished":"2023-12-18T15:24:13+00:00","dateModified":"2023-12-18T19:09:24+00:00","mainEntityOfPage":{"@id":"https:\/\/outof.press\/apteczka-pierwszej-pomocy\/"},"wordCount":1434,"publisher":{"@id":"https:\/\/outof.press\/#organization"},"keywords":["apteczka","apteczka pierwszej pomocy","Dariusz Dawidczyk","Ma\u0142gorzata Hys","medium","nowe media","otwarte","OUTof","poza uk\u0142adami","Ryszard Soboci\u0144ski","temat"],"articleSection":["Spo\u0142ecze\u0144stwo","Zdrowie"],"inLanguage":"en-US"},{"@type":"WebPage","@id":"https:\/\/outof.press\/apteczka-pierwszej-pomocy\/","url":"https:\/\/outof.press\/apteczka-pierwszej-pomocy\/","name":"Apteczka pierwszej pomocy \u2013 \u201eniezb\u0119dnik\u201d zaniedbywany w naszym \u017cyciu. - OUT of - poza uk\u0142adami","isPartOf":{"@id":"https:\/\/outof.press\/#website"},"datePublished":"2023-12-18T15:24:13+00:00","dateModified":"2023-12-18T19:09:24+00:00","description":"Jednym z wielu zaniedbywanych element\u00f3w, kt\u00f3re powinny wchodzi\u0107 w sk\u0142ad wyposa\u017cenia naszego domu, samochodu, torby podr\u0119cznej, jest apteczka","breadcrumb":{"@id":"https:\/\/outof.press\/apteczka-pierwszej-pomocy\/#breadcrumb"},"inLanguage":"en-US","potentialAction":[{"@type":"ReadAction","target":["https:\/\/outof.press\/apteczka-pierwszej-pomocy\/"]}]},{"@type":"BreadcrumbList","@id":"https:\/\/outof.press\/apteczka-pierwszej-pomocy\/#breadcrumb","itemListElement":[{"@type":"ListItem","position":1,"name":"Home","item":"https:\/\/outof.press\/"},{"@type":"ListItem","position":2,"name":"Apteczka pierwszej pomocy \u2013 \u201eniezb\u0119dnik\u201d zaniedbywany w naszym \u017cyciu."}]},{"@type":"WebSite","@id":"https:\/\/outof.press\/#website","url":"https:\/\/outof.press\/","name":"OUT of - poza uk\u0142adami","description":"Medium otwarte na ka\u017cdy temat.","publisher":{"@id":"https:\/\/outof.press\/#organization"},"potentialAction":[{"@type":"SearchAction","target":{"@type":"EntryPoint","urlTemplate":"https:\/\/outof.press\/?s={search_term_string}"},"query-input":"required name=search_term_string"}],"inLanguage":"en-US"},{"@type":"Organization","@id":"https:\/\/outof.press\/#organization","name":"OUT of - poza uk\u0142adami","url":"https:\/\/outof.press\/","logo":{"@type":"ImageObject","inLanguage":"en-US","@id":"https:\/\/outof.press\/#\/schema\/logo\/image\/","url":"https:\/\/outof.press\/wp-content\/uploads\/2023\/12\/OUT-Of-poza-ukladami_Medium-otwarte-na-kazdy-temat_Obszar-roboczy-1.png","contentUrl":"https:\/\/outof.press\/wp-content\/uploads\/2023\/12\/OUT-Of-poza-ukladami_Medium-otwarte-na-kazdy-temat_Obszar-roboczy-1.png","width":404,"height":159,"caption":"OUT of - poza uk\u0142adami"},"image":{"@id":"https:\/\/outof.press\/#\/schema\/logo\/image\/"}},{"@type":"Person","@id":"https:\/\/outof.press\/#\/schema\/person\/1229ca0772d662de39b9babb9d605a26","name":"OUT of","image":{"@type":"ImageObject","inLanguage":"en-US","@id":"https:\/\/outof.press\/#\/schema\/person\/image\/","url":"https:\/\/secure.gravatar.com\/avatar\/9a799d0f655b2c36d6cbac5db593b7dd87eb5fdfef6628cb880e7405b2956bc9?s=96&d=mm&r=g","contentUrl":"https:\/\/secure.gravatar.com\/avatar\/9a799d0f655b2c36d6cbac5db593b7dd87eb5fdfef6628cb880e7405b2956bc9?s=96&d=mm&r=g","caption":"OUT of"},"sameAs":["http:\/\/outof.press"],"url":"https:\/\/outof.press\/en\/author\/adminoutof\/"}]}},"_links":{"self":[{"href":"https:\/\/outof.press\/en\/wp-json\/wp\/v2\/posts\/1300","targetHints":{"allow":["GET"]}}],"collection":[{"href":"https:\/\/outof.press\/en\/wp-json\/wp\/v2\/posts"}],"about":[{"href":"https:\/\/outof.press\/en\/wp-json\/wp\/v2\/types\/post"}],"author":[{"embeddable":true,"href":"https:\/\/outof.press\/en\/wp-json\/wp\/v2\/users\/1"}],"replies":[{"embeddable":true,"href":"https:\/\/outof.press\/en\/wp-json\/wp\/v2\/comments?post=1300"}],"version-history":[{"count":8,"href":"https:\/\/outof.press\/en\/wp-json\/wp\/v2\/posts\/1300\/revisions"}],"predecessor-version":[{"id":1332,"href":"https:\/\/outof.press\/en\/wp-json\/wp\/v2\/posts\/1300\/revisions\/1332"}],"wp:featuredmedia":[{"embeddable":true,"href":"https:\/\/outof.press\/en\/wp-json\/wp\/v2\/media\/1328"}],"wp:attachment":[{"href":"https:\/\/outof.press\/en\/wp-json\/wp\/v2\/media?parent=1300"}],"wp:term":[{"taxonomy":"category","embeddable":true,"href":"https:\/\/outof.press\/en\/wp-json\/wp\/v2\/categories?post=1300"},{"taxonomy":"post_tag","embeddable":true,"href":"https:\/\/outof.press\/en\/wp-json\/wp\/v2\/tags?post=1300"}],"curies":[{"name":"wp","href":"https:\/\/api.w.org\/{rel}","templated":true}]}}